{"id":323,"date":"2007-08-20T09:49:50","date_gmt":"2007-08-20T12:49:50","guid":{"rendered":"http:\/\/www.albertoplaza.cl\/?p=323"},"modified":"2013-04-15T11:14:07","modified_gmt":"2013-04-15T11:14:07","slug":"feliz-aniversario-sede-talca","status":"publish","type":"post","link":"https:\/\/albertoplaza.cl\/mundo\/feliz-aniversario-sede-talca\/","title":{"rendered":"\u00a1FELIZ ANIVERSARIO SEDE TALCA!"},"content":{"rendered":"<p><strong>Hoy decidimos hacer un alto en el camino y contarles que el mes de Octubre es tremendamente especial para \u201cVoy a Cambiar el Mundo\u201d Sede Talca<\/strong>.<\/p>\n<p>Esta fecha nos encontramos de fiesta, \u00a1estamos de cumplea\u00f1os!.Nos disponemos a celebrar simb\u00f3licamente con cada uno de ustedes, nuestros entra\u00f1ables amigos que apoy\u00e1ndonos han recorrido junto <img loading=\"lazy\" decoding=\"async\" class=\"alignleft size-full wp-image-324\" title=\"alberto_plaza_027\" src=\"http:\/\/www.albertoplaza.cl\/wp-content\/uploads\/2009\/11\/alberto_plaza_027.jpg\" alt=\"alberto_plaza_027\" width=\"272\" height=\"181\" \/>a nosotros nuestra misma senda de optimismo, fe y esperanza.<\/p>\n<p>La vida no s\u00f3lo ha tra\u00eddo tiempo a la Sede Talca, nos ha brindado alegr\u00edas y satisfacciones. Sin jam\u00e1s apartar el lema que nos une: \u201cVoy a Cambiar el Mundo, Voy a empezar por M\u00ed\u201d.<\/p>\n<p>Con alegr\u00eda, nos transportamos al mes de Octubre del 2004. Desde entonces, un grupo de amigos unidos por la creaci\u00f3n de la poes\u00eda de Alberto Plaza, recib\u00edamos lo que luego ser\u00eda el comienzo de nuestra historia. Alberto, a trav\u00e9s de nuestro gran amigo Gerardo \u00c1lvarez (su manager), comunicaba una gran noticia: nos permit\u00eda realizar obras solidarias en su nombre. Alberto confiaba en nosotros, al permitir la creaci\u00f3n de una nueva Sede de \u201cVoy a Cambiar el Mundo\u201d.<\/p>\n<p>La noticia nos encontr\u00f3 en medio de una gran euforia, pues recientemente nos hab\u00edamos enterado que Alberto Plaza visitar\u00eda Chile en esa fecha.<\/p>\n<p>Grandes proyectos estaban en su agenda como la grabaci\u00f3n del video de Pa\u2019lante; \u201ccanci\u00f3n-himno\u201d que nos regala un pasaje a la felicidad tocando las fibras m\u00e1s sensibles de nuestra alma.<\/p>\n<p>Nuestro club tendr\u00eda la satisfacci\u00f3n de contar con la presencia de Alberto en la obra solidaria m\u00e1s grande de Chile: la Fundaci\u00f3n Telet\u00f3n donde nuestro querido cantautor siempre ha tenido gran participaci\u00f3n y ha puesto mucho coraz\u00f3n.<\/p>\n<p>Alberto Plaza, una vez m\u00e1s premiaba a los chilenos viniendo a celebrar el d\u00eda 18 de Febrero junto a nosotros. Junto a \u00e9l festejamos sus 20 a\u00f1os de carrera interrumpida en el Festival Internacional de la Canci\u00f3n de Vi\u00f1a del Mar, escenario que lo vio nacer art\u00edsticamente.<\/p>\n<p>Hoy, s\u00f3lo podemos decir que la magia del destino existe y nos guardaba a\u00fan la m\u00e1s grande felicidad que sede de Voy a Cambiar el Mundo hemos tenido: el enorme placer de la uni\u00f3n en torno a Alberto Plaza.<\/p>\n<p>Los integrantes de Sede Talca Chile, le cantamos, junto a miles de personas, \u201cCumplea\u00f1os Feliz\u201d en ese inolvidable d\u00eda 12 de Febrero de 2005. Con orgullo infinito podemos decir que la totalidad de las sedes del club Voy a Cambiar el Mundo se nos sumaron a nuestro canto por medio de una complicidad de sentimientos de amor, amistad y felicidad.<\/p>\n<p>Alberto, gracias por confiar en nosotros. Esperamos sinceramente, haber contribuido con tu obra y de acuerdo a tus deseos, seguiremos trabajando incansablemente.<\/p>\n<p>Amigos todos, gracias por hacer verdadera la amistad con \u201cVoy a Cambiar el Mundo\u201d.<\/p>\n<p>Issis Rodr\u00edguez Rebolledo, Presidenta<\/p>\n<p>Voy a Cambiar el Mundo<\/p>\n<p>Sede Talca Chile<\/p>\n","protected":false},"excerpt":{"rendered":"<p>Hoy decidimos hacer un alto en el camino y contarles que el mes de Octubre es tremendamente especial para \u201cVoy a Cambiar el Mundo\u201d Sede Talca. Esta fecha nos encontramos de fiesta, \u00a1estamos de cumplea\u00f1os!.Nos disponemos a celebrar simb\u00f3licamente con &hellip; <a class=\"more-link\" href=\"https:\/\/albertoplaza.cl\/mundo\/feliz-aniversario-sede-talca\/\">Sigue leyendo <span class=\"meta-nav\">&rarr;<\/span><\/a><\/p>\n","protected":false},"author":2,"featured_media":0,"comment_status":"open","ping_status":"closed","sticky":false,"template":"","format":"standard","meta":{"footnotes":""},"categories":[4,1],"tags":[],"class_list":["post-323","post","type-post","status-publish","format-standard","hentry","category-noticias","category-sin-categoria"],"_links":{"self":[{"href":"https:\/\/albertoplaza.cl\/mundo\/wp-json\/wp\/v2\/posts\/323","targetHints":{"allow":["GET"]}}],"collection":[{"href":"https:\/\/albertoplaza.cl\/mundo\/wp-json\/wp\/v2\/posts"}],"about":[{"href":"https:\/\/albertoplaza.cl\/mundo\/wp-json\/wp\/v2\/types\/post"}],"author":[{"embeddable":true,"href":"https:\/\/albertoplaza.cl\/mundo\/wp-json\/wp\/v2\/users\/2"}],"replies":[{"embeddable":true,"href":"https:\/\/albertoplaza.cl\/mundo\/wp-json\/wp\/v2\/comments?post=323"}],"version-history":[{"count":0,"href":"https:\/\/albertoplaza.cl\/mundo\/wp-json\/wp\/v2\/posts\/323\/revisions"}],"wp:attachment":[{"href":"https:\/\/albertoplaza.cl\/mundo\/wp-json\/wp\/v2\/media?parent=323"}],"wp:term":[{"taxonomy":"category","embeddable":true,"href":"https:\/\/albertoplaza.cl\/mundo\/wp-json\/wp\/v2\/categories?post=323"},{"taxonomy":"post_tag","embeddable":true,"href":"https:\/\/albertoplaza.cl\/mundo\/wp-json\/wp\/v2\/tags?post=323"}],"curies":[{"name":"wp","href":"https:\/\/api.w.org\/{rel}","templated":true}]}}