{"id":2765,"date":"2013-04-21T21:14:24","date_gmt":"2013-04-21T21:14:24","guid":{"rendered":"https:\/\/albertoplaza.cl\/mundo\/?p=2765"},"modified":"2013-05-02T21:04:05","modified_gmt":"2013-05-02T21:04:05","slug":"celebracion-dia-del-nino-domingo-21-de-abril-de-2013","status":"publish","type":"post","link":"https:\/\/albertoplaza.cl\/mundo\/celebracion-dia-del-nino-domingo-21-de-abril-de-2013\/","title":{"rendered":"SEDE CARTAGO EN CELEBRACION D\u00cdA DEL NI\u00d1O  (domingo 21 de abril 2013)"},"content":{"rendered":"<h2 style=\"text-align: justify;\"><b>INFORMACI\u00d3N\u00a0 GENERAL DE LA ACTIVIDAD: <br \/><\/b><\/h2>\n<p style=\"text-align: justify;\"><strong>Nombre de la actividad:\u00a0<\/strong>\u00a0\u00a0 CINE MATINAL (Pel\u00edcula: EL ORIGEN DE LOS GUARDIANES)<\/p>\n<p style=\"text-align: justify;\"><strong>Lugar de ejecuci\u00f3n:<\/strong> Comedor comunitario club Rotario Barrios Nueva Colombia y Guayabal<\/p>\n<p style=\"text-align: justify;\"><strong>Duraci\u00f3n de la actividad:<\/strong> 9:30 a.m.\u00a0 a \u00a012:00 m.<\/p>\n<p style=\"text-align: justify;\"><strong>Responsable de la actividad:<\/strong> Integrantes Fundaci\u00f3n Voy a Cambiar el Mundo<\/p>\n<p style=\"text-align: justify;\">\u00a0<\/p>\n<h3 style=\"text-align: justify;\" align=\"center\"><b>FUNDAMENTACION<\/b><\/h3>\n<p style=\"text-align: justify;\">Dentro de los objetivos de la Fundaci\u00f3n esta el de brindarles espacio diferentes, oportunidades distintas y \u00a0nuevas, es por esto que queremos ofrecerles a los ni\u00f1os y ni\u00f1as para celebrar su d\u00eda una ma\u00f1ana de cine, en donde compartir\u00e1n con todos su compa\u00f1eritos y con los voluntarios una pel\u00edcula. En esta ocasi\u00f3n no estar\u00e1n los padres de familia, nuestro objetivo es mostrarles lo que se puede aprender y las ense\u00f1anza que nos puede dejar un buena pel\u00edcula es por eso que se proyectar\u00e1 en un sal\u00f3n previamente adecuado y acompa\u00f1ado de las infaltables crispetas la\u00a0 pel\u00edcula &#8220;El origen de los guardianes&#8221;. Esta pel\u00edcula nos permite mostrarles a los ni\u00f1os y ni\u00f1as que el mal existe pero que si tenemos esperanza y fe este es vencido. En la pel\u00edcula cuando al final el malvado Sombra parece haberse apoderado de todo, el \u00faltimo ni\u00f1o con fe le dice: &#8220;Ya s\u00e9 que existes, pero no te tengo miedo&#8221;. Es la doctrina m\u00e1s sana sobre el mal, s\u00ed, existe; s\u00ed, es duro y hay que combatirlo; pero no hay que temerle. El miedo y la desesperaci\u00f3n son fuerzas terribles, pero es posible derrotarlas. Adem\u00e1s, la pel\u00edcula tiene una imaginar\u00eda hermosa y din\u00e1mica. Los Guardianes son figuras robustas, en\u00e9rgicas. Tienen capacidad de disciplina, de constancia, de gesti\u00f3n, creatividad y personalidad y nos demuestran que no debemos perder la Fe.<\/p>\n<h3 style=\"text-align: justify;\" align=\"center\"><b>DESARROLLO DE LA ACTIVIDAD<\/b><strong> <br \/><\/strong><\/h3>\n<p style=\"text-align: justify;\"><strong>ORDEN DE LA JORNADA<\/strong><\/p>\n<p style=\"text-align: justify;\">09:30 am\u00a0\u00a0\u00a0\u00a0\u00a0\u00a0\u00a0\u00a0\u00a0\u00a0Llegada miembros de Fundaci\u00f3n, (voluntarios, grupo de apoyo)<\/p>\n<p style=\"text-align: justify;\">10:00am\u00a0\u00a0\u00a0\u00a0\u00a0\u00a0\u00a0\u00a0\u00a0\u00a0 Llegada poblaci\u00f3n infantil<\/p>\n<p style=\"text-align: justify;\">10:10am\u00a0\u00a0\u00a0\u00a0\u00a0\u00a0\u00a0\u00a0\u00a0\u00a0\u00a0Llamada a lista, asignaci\u00f3n de escarapelas y direcci\u00f3n de ni\u00f1os y ni\u00f1as al aula m\u00e1xima en donde se tendr\u00e1 todo organizado para la proyecci\u00f3n de la pel\u00edcula, en esta actividad solo participaran lo ni\u00f1os y ni\u00f1as.<\/p>\n<p style=\"text-align: justify;\">10:20am\u00a0\u00a0\u00a0\u00a0\u00a0\u00a0\u00a0\u00a0\u00a0\u00a0 Entrega de Refrigerio, crispetas y gaseosa e inicio de la pel\u00edcula.<\/p>\n<p style=\"text-align: justify;\">11:50am\u00a0\u00a0\u00a0\u00a0\u00a0\u00a0\u00a0\u00a0 Retroalimentaci\u00f3n de la pel\u00edcula.<\/p>\n<p style=\"text-align: justify;\">12:00m \u00a0\u00a0\u00a0\u00a0\u00a0\u00a0\u00a0\u00a0\u00a0\u00a0 Himno de la Fundaci\u00f3n y despedida<\/p>\n<p style=\"text-align: justify;\">Es maravillosa la idea de querer cambiar el mundo pero es mas fascinante materializarla, por lo tanto mas que las palabras son los hechos los que hacen la diferencia<\/p>\n<p style=\"text-align: justify;\"><i>Un abrazo inmenso y los espero para que compartamos con nuestros ni\u00f1os y ni\u00f1as en un espacio diferente y divertido<\/i><\/p>\n","protected":false},"excerpt":{"rendered":"<p>INFORMACI\u00d3N\u00a0 GENERAL DE LA ACTIVIDAD: Nombre de la actividad:\u00a0\u00a0\u00a0 CINE MATINAL (Pel\u00edcula: EL ORIGEN DE LOS GUARDIANES) Lugar de ejecuci\u00f3n: Comedor comunitario club Rotario Barrios Nueva Colombia y Guayabal Duraci\u00f3n de la actividad: 9:30 a.m.\u00a0 a \u00a012:00 m. Responsable de &hellip; <a class=\"more-link\" href=\"https:\/\/albertoplaza.cl\/mundo\/celebracion-dia-del-nino-domingo-21-de-abril-de-2013\/\">Sigue leyendo <span class=\"meta-nav\">&rarr;<\/span><\/a><\/p>\n","protected":false},"author":2,"featured_media":0,"comment_status":"closed","ping_status":"closed","sticky":false,"template":"","format":"standard","meta":{"footnotes":""},"categories":[4,1],"tags":[],"class_list":["post-2765","post","type-post","status-publish","format-standard","hentry","category-noticias","category-sin-categoria"],"_links":{"self":[{"href":"https:\/\/albertoplaza.cl\/mundo\/wp-json\/wp\/v2\/posts\/2765","targetHints":{"allow":["GET"]}}],"collection":[{"href":"https:\/\/albertoplaza.cl\/mundo\/wp-json\/wp\/v2\/posts"}],"about":[{"href":"https:\/\/albertoplaza.cl\/mundo\/wp-json\/wp\/v2\/types\/post"}],"author":[{"embeddable":true,"href":"https:\/\/albertoplaza.cl\/mundo\/wp-json\/wp\/v2\/users\/2"}],"replies":[{"embeddable":true,"href":"https:\/\/albertoplaza.cl\/mundo\/wp-json\/wp\/v2\/comments?post=2765"}],"version-history":[{"count":0,"href":"https:\/\/albertoplaza.cl\/mundo\/wp-json\/wp\/v2\/posts\/2765\/revisions"}],"wp:attachment":[{"href":"https:\/\/albertoplaza.cl\/mundo\/wp-json\/wp\/v2\/media?parent=2765"}],"wp:term":[{"taxonomy":"category","embeddable":true,"href":"https:\/\/albertoplaza.cl\/mundo\/wp-json\/wp\/v2\/categories?post=2765"},{"taxonomy":"post_tag","embeddable":true,"href":"https:\/\/albertoplaza.cl\/mundo\/wp-json\/wp\/v2\/tags?post=2765"}],"curies":[{"name":"wp","href":"https:\/\/api.w.org\/{rel}","templated":true}]}}